{"id":839,"date":"2019-07-26T14:36:31","date_gmt":"2019-07-26T12:36:31","guid":{"rendered":"http:\/\/gospodarkaodpadami.dukla.pl\/?p=839"},"modified":"2019-07-26T14:36:31","modified_gmt":"2019-07-26T12:36:31","slug":"ceny-za-odpady-komunalne-problem-nie-tylko-gminy-dukla","status":"publish","type":"post","link":"https:\/\/gospodarkaodpadami.dukla.pl\/?p=839","title":{"rendered":"Ceny za odpady komunalne &#8211; problem nie tylko Gminy Dukla!"},"content":{"rendered":"\n<ul class=\"wp-container-2 wp-block-gallery-1 wp-block-gallery columns-1 is-cropped\"><li class=\"blocks-gallery-item\"><figure><img loading=\"lazy\" width=\"836\" height=\"463\" src=\"http:\/\/gospodarkaodpadami.dukla.pl\/wp-content\/uploads\/2019\/07\/dfsd-1.jpg\" alt=\"\" data-id=\"844\" data-link=\"http:\/\/gospodarkaodpadami.dukla.pl\/?attachment_id=844\" class=\"wp-image-844\" srcset=\"https:\/\/gospodarkaodpadami.dukla.pl\/wp-content\/uploads\/2019\/07\/dfsd-1.jpg 836w, https:\/\/gospodarkaodpadami.dukla.pl\/wp-content\/uploads\/2019\/07\/dfsd-1-300x166.jpg 300w, https:\/\/gospodarkaodpadami.dukla.pl\/wp-content\/uploads\/2019\/07\/dfsd-1-768x425.jpg 768w, https:\/\/gospodarkaodpadami.dukla.pl\/wp-content\/uploads\/2019\/07\/dfsd-1-672x372.jpg 672w\" sizes=\"(max-width: 836px) 100vw, 836px\" \/><\/figure><\/li><\/ul>\n\n\n\n<p><strong>\u015amieci  by\u0142y,  s\u0105  i  niestety  b\u0119d\u0105!!!<\/strong>  Cz\u0119sto  w  ten  spos\u00f3b  my\u015blimy  i podchodzimy do problemu jakim s\u0105 nasze domowe \u015bmieci, &nbsp;kt\u00f3re poprzez wszystkie zmiany prawne maj\u0105ce na celu ochron\u0119 \u015brodowiska sprawiaj\u0105, \u017ce wszyscy poma\u0142u mamy do\u015b\u0107 tematu wzrostu cen za ich odbi\u00f3r. Wszyscy m\u00f3wi\u0105 i pisz\u0105 o ekologii i potrzebie dbania o \u015brodowisko, ale ju\u017c ma\u0142o kto wspomina jak du\u017ce koszty za to musimy ponosi\u0107. <\/p>\n\n\n\n<p>&nbsp;&nbsp;&nbsp;&nbsp;&nbsp;&nbsp;&nbsp;&nbsp;&nbsp;&nbsp;&nbsp; Czasy  gdy  odpady  trafia\u0142y  na  wysypiska,  takie  jak  np.  to  ju\u017c zamkni\u0119te w Dukli, ju\u017c si\u0119 sko\u0144czy\u0142y na dobre \u2013 zabrania tego prawo! Zakaz sk\u0142adowania odpad\u00f3w sprawi\u0142, \u017ce wi\u0119kszo\u015b\u0107 z odpad\u00f3w, kt\u00f3re trafia\u0142y na sk\u0142adowiska ju\u017c tam trafia\u0107 nie mo\u017ce. Odpady musz\u0105 by\u0107 w tej chwili w pierwszej kolejno\u015bci poddawane odzyskowi, a nast\u0119pnie frakcja palna musi trafia\u0107 do specjalistycznych spalarni. <\/p>\n\n\n\n<p>&nbsp;&nbsp;&nbsp;&nbsp;&nbsp;&nbsp;&nbsp;&nbsp;&nbsp;&nbsp;&nbsp; Spos\u00f3b  post\u0119powania  z  odpadami  w  ten  spos\u00f3b,  nie  budzi\u0142by w\u0105tpliwo\u015bci  gdyby  nie  jedno  zastrze\u017cenie.  Co  w  przypadku  gdy  w promieniu 200-300 km od Dukli nie ma spalarni, kt\u00f3ra by chcia\u0142a przyj\u0105\u0107 nasze odpady? Nagle okazuje si\u0119, \u017ce gminy naszego regionu w tym te\u017c gmina Dukla musi ponosi\u0107 koszty zwi\u0105zane z dodatkowym transportem odpad\u00f3w. Niewystarczaj\u0105ca liczba spalarni sprawia r\u00f3wnie\u017c, \u017ce takie instalacje  maj\u0105  mo\u017cliwo\u015b\u0107  zawy\u017cania  cen,  bo  w  przypadku  braku mo\u017cliwo\u015bci oddania odpad\u00f3w do innej&nbsp; spalarni, musimy by\u0107 skazani na przedsi\u0119biorc\u0119, kt\u00f3ry w og\u00f3le wyrazi zgod\u0119 na przyj\u0119cie naszych \u015bmieci.&nbsp; <\/p>\n\n\n\n<p>&nbsp;&nbsp;&nbsp;&nbsp;&nbsp;&nbsp;&nbsp;&nbsp;&nbsp;&nbsp;&nbsp; Mamy  XXI  wiek,  czasy  gdzie  technologia ca\u0142y czas si\u0119 poprawia i pojawiaj\u0105 si\u0119 coraz to aktualniejsze nowinki  i  rozwi\u0105zania  techniczne,  a mimo to dochodzi do sytuacji (cho\u0107by  w s\u0105siedniej gminie Nowy \u017bmigr\u00f3d), \u017ce  firmy przestaj\u0105  odbiera\u0107  odpady,  bo  nie  ma  przedsi\u0119biorstwa,  kt\u00f3re mo\u017ce je zagospodarowa\u0107!!<\/p>\n\n\n\n<p>&nbsp;&nbsp;&nbsp;&nbsp;&nbsp;&nbsp;&nbsp;&nbsp;&nbsp;&nbsp;&nbsp; Maj\u0105c na uwadze powy\u017csze problemy zwracamy si\u0119 do mieszka\u0144c\u00f3w Naszej  Gminy   o  bardzo  racjonalne  post\u0119powanie  z  odpadami.  Ci\u0105g\u0142y wzrost ilo\u015bci wytwarzanych odpad\u00f3w sprawia, \u017ce gminy ponosz\u0105 coraz wi\u0119ksze  koszty  zwi\u0105zane  z  odbiorem  i  utylizacj\u0105  odpad\u00f3w  &#8211;&nbsp;  koszty te bezpo\u015brednio odczuwaj\u0105 mieszka\u0144cy w stawkach za odpady. <\/p>\n\n\n\n<p>&nbsp;&nbsp;&nbsp;&nbsp;&nbsp;&nbsp;&nbsp;&nbsp;&nbsp;&nbsp;&nbsp; Podczas codziennego funkcjonowania w naszych\ngospodarstwach domowych pami\u0119tajmy o kilku bardzo prostych zasadach, kt\u00f3re\npozwol\u0105 ograniczy\u0107 ilo\u015b\u0107 wytwarzanych odpad\u00f3w, a co za tym idzie pozwoli to na wyhamowanie\ntempa wzrostu cen za odpady. Oto kilka dobrych rad na ograniczenie wytwarzanych\nodpad\u00f3w:<\/p>\n\n\n\n<ol><li>Odpady  biodegradowalne  wyrzucajmy  na  przydomowy kompostownik \u2013 niestety wielu mieszka\u0144c\u00f3w mimo, \u017ce posiada przydomowy kompostownik wrzuca je do odpad\u00f3w niesegregowanych \u2013 <strong>pami\u0119tajmy<\/strong> <strong>takie pojemniki i kosze nie b\u0119d\u0105 odbierane!! Ten spos\u00f3b post\u0119powania powoduje najwi\u0119kszy wzrost ilo\u015bci odpad\u00f3w i generuje du\u017ce koszty.<\/strong> <\/li><li>Racjonalne zakupy \u2013 ilo\u015b\u0107 jedzenia, kt\u00f3re marnujemy, a nast\u0119pnie wyrzucamy do kosza na \u015bmieci sprawia, \u017ce w ci\u0105gu roku z terenu naszej gminy <strong>wywozimy przypuszczalnie oko\u0142o 300 ton odpad\u00f3w wi\u0119cej!!<\/strong> W Polsce \u015brednio ka\u017cdy mieszkaniec marnuje oko\u0142o 235 kg jedzenia rocznie \u2013 przyjmuj\u0105c bardzo optymistycznie, \u017ce w gminie Dukla jest to tylko 20 kg to i tak w skali ca\u0142ej gminy wychodz\u0105 ilo\u015bci kosmiczne \u2013 <strong>oko\u0142o 300 ton!!<\/strong> Koszty zbi\u00f3rki i utylizacji odpad\u00f3w niesegregowanych  w  2019 r.  kszta\u0142tuj\u0105  si\u0119  na  poziomie <strong>1068,67 z\u0142 za 1 ton\u0119.<\/strong><\/li><\/ol>\n\n\n\n<p><strong>W\nprzypadku prawid\u0142owego post\u0119powania z resztkami jedzenia cena za odpady\nkszta\u0142towa\u0142aby si\u0119 na poziomie 2-3 z\u0142 mniej od obecnie obowi\u0105zuj\u0105cych stawek.<\/strong><\/p>\n\n\n\n<ul><li>Zamiast kupowa\u0107 butelki z wod\u0105   korzystajmy z pojemnika filtruj\u0105cego wod\u0119.  To nie tylko wp\u0142ynie na ograniczenie ilo\u015bci pustych butelek po wodzie, <strong>ale b\u0119dzie z korzy\u015bci\u0105 dla naszego domowego bud\u017cetu!<\/strong><\/li><li>Id\u0105c  na  zakupy  \u2013  we\u017amy  z  sob\u0105  kosz  na  zakupy  lub  torby wielokrotnego u\u017cytku.<\/li><\/ul>\n","protected":false},"excerpt":{"rendered":"<p>\u015amieci by\u0142y, s\u0105 i niestety b\u0119d\u0105!!! Cz\u0119sto w ten spos\u00f3b my\u015blimy i podchodzimy do problemu jakim s\u0105 nasze domowe \u015bmieci, &nbsp;kt\u00f3re poprzez wszystkie zmiany prawne maj\u0105ce na celu ochron\u0119 \u015brodowiska sprawiaj\u0105, \u017ce wszyscy poma\u0142u mamy do\u015b\u0107 tematu wzrostu cen za ich odbi\u00f3r. Wszyscy m\u00f3wi\u0105 i pisz\u0105 o ekologii i potrzebie dbania o \u015brodowisko, ale ju\u017c &hellip; <a href=\"https:\/\/gospodarkaodpadami.dukla.pl\/?p=839\" class=\"more-link\">Czytaj dalej <span class=\"screen-reader-text\">Ceny za odpady komunalne &#8211; problem nie tylko Gminy Dukla!<\/span> <span class=\"meta-nav\">&rarr;<\/span><\/a><\/p>\n","protected":false},"author":1,"featured_media":0,"comment_status":"closed","ping_status":"closed","sticky":false,"template":"","format":"standard","meta":[],"categories":[3],"tags":[],"_links":{"self":[{"href":"https:\/\/gospodarkaodpadami.dukla.pl\/index.php?rest_route=\/wp\/v2\/posts\/839"}],"collection":[{"href":"https:\/\/gospodarkaodpadami.dukla.pl\/index.php?rest_route=\/wp\/v2\/posts"}],"about":[{"href":"https:\/\/gospodarkaodpadami.dukla.pl\/index.php?rest_route=\/wp\/v2\/types\/post"}],"author":[{"embeddable":true,"href":"https:\/\/gospodarkaodpadami.dukla.pl\/index.php?rest_route=\/wp\/v2\/users\/1"}],"replies":[{"embeddable":true,"href":"https:\/\/gospodarkaodpadami.dukla.pl\/index.php?rest_route=%2Fwp%2Fv2%2Fcomments&post=839"}],"version-history":[{"count":1,"href":"https:\/\/gospodarkaodpadami.dukla.pl\/index.php?rest_route=\/wp\/v2\/posts\/839\/revisions"}],"predecessor-version":[{"id":845,"href":"https:\/\/gospodarkaodpadami.dukla.pl\/index.php?rest_route=\/wp\/v2\/posts\/839\/revisions\/845"}],"wp:attachment":[{"href":"https:\/\/gospodarkaodpadami.dukla.pl\/index.php?rest_route=%2Fwp%2Fv2%2Fmedia&parent=839"}],"wp:term":[{"taxonomy":"category","embeddable":true,"href":"https:\/\/gospodarkaodpadami.dukla.pl\/index.php?rest_route=%2Fwp%2Fv2%2Fcategories&post=839"},{"taxonomy":"post_tag","embeddable":true,"href":"https:\/\/gospodarkaodpadami.dukla.pl\/index.php?rest_route=%2Fwp%2Fv2%2Ftags&post=839"}],"curies":[{"name":"wp","href":"https:\/\/api.w.org\/{rel}","templated":true}]}}