{"id":806,"date":"2019-04-23T13:11:57","date_gmt":"2019-04-23T11:11:57","guid":{"rendered":"http:\/\/gospodarkaodpadami.dukla.pl\/?p=806"},"modified":"2019-04-24T10:45:54","modified_gmt":"2019-04-24T08:45:54","slug":"uwaga-zmiana-sposobu-odbioru-odpadow-wielkogabarytowych","status":"publish","type":"post","link":"https:\/\/gospodarkaodpadami.dukla.pl\/?p=806","title":{"rendered":"UWAGA!!! Zmiana sposobu odbioru odpad\u00f3w wielkogabarytowych!!"},"content":{"rendered":"<h1><strong><span style=\"color: #ff0000;\">\u00a0\u00a0\u00a0\u00a0\u00a0\u00a0\u00a0\u00a0\u00a0\u00a0\u00a0\u00a0\u00a0\u00a0\u00a0\u00a0\u00a0\u00a0\u00a0\u00a0\u00a0\u00a0\u00a0\u00a0 UWAGA!!<\/span><\/strong><\/h1>\n<h2><strong>Zmiana sposobu odbioru odpad\u00f3w\u00a0\u00a0\u00a0\u00a0\u00a0\u00a0\u00a0\u00a0\u00a0\u00a0\u00a0\u00a0\u00a0\u00a0\u00a0\u00a0\u00a0\u00a0\u00a0\u00a0\u00a0\u00a0 wielkogabarytowych!<\/strong><\/h2>\n<p>Odbi\u00f3r odpad\u00f3w wielkogabarytowych bedzie odbywa\u0142 si\u0119 tylko po telefonicznym ich zg\u0142oszeniu na wskazane poni\u017cej nr telefon\u00f3w.<\/p>\n<p><strong>FBServis Karpatia Sp. z o.o. \u2013 13 436 81 61 lub \u00a013 436 89 40<\/strong><\/p>\n<p>Gmina Dukla po raz kolejny organizuje zbi\u00f3rk\u0119 odpad\u00f3w wielkogabarytowych, oraz zu\u017cytych urz\u0105dze\u0144 elektrycznych i elektronicznych ( tj. telewizor\u00f3w, pralek, lod\u00f3wek, mebli, foteli, dywan\u00f3w itp.). Odbi\u00f3r odpad\u00f3w b\u0119dzie odbywa\u0142 si\u0119 zgodnie z poni\u017cszym harmonogramem po wcze\u015bniejszym telefonicznym zg\u0142oszeniu.<\/p>\n<p>Odpady odbierane b\u0119d\u0105 w nast\u0119puj\u0105cych terminach:<\/p>\n<p><strong>4 maja 2019 r.\u00a0\u00a0\u00a0 &#8211; \u0141\u0119ki Dukielskie, Wietrzno,\u00a0 <\/strong><strong>R\u00f3wne, Zboiska,<\/strong><br \/>\n&#8211; zg\u0142oszenia do 2 maja godz.15.00<\/p>\n<p><strong>24 maja 2019 r.\u00a0 &#8211; Dukla, Nadole,\u00a0\u00a0\u00a0\u00a0\u00a0\u00a0\u00a0\u00a0\u00a0\u00a0\u00a0\u00a0<\/strong><br \/>\n&#8211; zg\u0142oszenia do 23 maja godz.15.00<\/p>\n<p><strong>25 maja 2019 r. &#8211; Teodor\u00f3wka, Iwla, G\u0142ojsce, Chyrowa, <\/strong><br \/>\n<strong>Olchowiec,\u00a0\u00a0 Ropianka, Nowa Wie\u015b, Lipowica, Trzciana, <\/strong><br \/>\n<strong>Tylawa, Mszana, Barwinek, \u00a0 Zyndranowa, <\/strong><br \/>\n<strong>Zawadka Rymanowska \u00a0<\/strong><br \/>\n&#8211; zg\u0142oszenia do 24 maja godz.15.00<\/p>\n<p><strong>31 maja 2019 r.\u00a0 &#8211; Cergowa, Jasionka\u00a0\u00a0<\/strong><br \/>\n&#8211; zg\u0142oszenia do 30 maja godz.15.00<\/p>\n","protected":false},"excerpt":{"rendered":"<p>\u00a0\u00a0\u00a0\u00a0\u00a0\u00a0\u00a0\u00a0\u00a0\u00a0\u00a0\u00a0\u00a0\u00a0\u00a0\u00a0\u00a0\u00a0\u00a0\u00a0\u00a0\u00a0\u00a0\u00a0 UWAGA!! Zmiana sposobu odbioru odpad\u00f3w\u00a0\u00a0\u00a0\u00a0\u00a0\u00a0\u00a0\u00a0\u00a0\u00a0\u00a0\u00a0\u00a0\u00a0\u00a0\u00a0\u00a0\u00a0\u00a0\u00a0\u00a0\u00a0 wielkogabarytowych! Odbi\u00f3r odpad\u00f3w wielkogabarytowych bedzie odbywa\u0142 si\u0119 tylko po telefonicznym ich zg\u0142oszeniu na wskazane poni\u017cej nr telefon\u00f3w. FBServis Karpatia Sp. z o.o. \u2013 13 436 81 61 lub \u00a013 436 89 40 Gmina Dukla po raz kolejny organizuje zbi\u00f3rk\u0119 odpad\u00f3w wielkogabarytowych, oraz zu\u017cytych urz\u0105dze\u0144 elektrycznych i elektronicznych ( tj. &hellip; <a href=\"https:\/\/gospodarkaodpadami.dukla.pl\/?p=806\" class=\"more-link\">Czytaj dalej <span class=\"screen-reader-text\">UWAGA!!! Zmiana sposobu odbioru odpad\u00f3w wielkogabarytowych!!<\/span> <span class=\"meta-nav\">&rarr;<\/span><\/a><\/p>\n","protected":false},"author":1,"featured_media":0,"comment_status":"closed","ping_status":"closed","sticky":false,"template":"","format":"standard","meta":[],"categories":[3],"tags":[],"_links":{"self":[{"href":"https:\/\/gospodarkaodpadami.dukla.pl\/index.php?rest_route=\/wp\/v2\/posts\/806"}],"collection":[{"href":"https:\/\/gospodarkaodpadami.dukla.pl\/index.php?rest_route=\/wp\/v2\/posts"}],"about":[{"href":"https:\/\/gospodarkaodpadami.dukla.pl\/index.php?rest_route=\/wp\/v2\/types\/post"}],"author":[{"embeddable":true,"href":"https:\/\/gospodarkaodpadami.dukla.pl\/index.php?rest_route=\/wp\/v2\/users\/1"}],"replies":[{"embeddable":true,"href":"https:\/\/gospodarkaodpadami.dukla.pl\/index.php?rest_route=%2Fwp%2Fv2%2Fcomments&post=806"}],"version-history":[{"count":12,"href":"https:\/\/gospodarkaodpadami.dukla.pl\/index.php?rest_route=\/wp\/v2\/posts\/806\/revisions"}],"predecessor-version":[{"id":818,"href":"https:\/\/gospodarkaodpadami.dukla.pl\/index.php?rest_route=\/wp\/v2\/posts\/806\/revisions\/818"}],"wp:attachment":[{"href":"https:\/\/gospodarkaodpadami.dukla.pl\/index.php?rest_route=%2Fwp%2Fv2%2Fmedia&parent=806"}],"wp:term":[{"taxonomy":"category","embeddable":true,"href":"https:\/\/gospodarkaodpadami.dukla.pl\/index.php?rest_route=%2Fwp%2Fv2%2Fcategories&post=806"},{"taxonomy":"post_tag","embeddable":true,"href":"https:\/\/gospodarkaodpadami.dukla.pl\/index.php?rest_route=%2Fwp%2Fv2%2Ftags&post=806"}],"curies":[{"name":"wp","href":"https:\/\/api.w.org\/{rel}","templated":true}]}}